{"id":2028,"date":"2025-07-09T13:59:06","date_gmt":"2025-07-09T11:59:06","guid":{"rendered":"https:\/\/fundacioacsar.org\/2025\/07\/09\/vox-insisteix-a-deportar-tots-els-immigrants-legals-que-no-sintegrin-pero-diu-que-no-sap-quants-son-cast\/"},"modified":"2026-04-21T09:37:11","modified_gmt":"2026-04-21T07:37:11","slug":"vox-insisteix-a-deportar-tots-els-immigrants-legals-que-no-sintegrin-pero-diu-que-no-sap-quants-son-cast","status":"publish","type":"post","link":"https:\/\/fundacioacsar.org\/es\/2025\/07\/09\/vox-insisteix-a-deportar-tots-els-immigrants-legals-que-no-sintegrin-pero-diu-que-no-sap-quants-son-cast\/","title":{"rendered":"VOX INSISTE EN DEPORTAR A TODOS LOS INMIGRANTES LEGALES QUE NO SE INTEGREN, PERO DICE QUE NO SABE CU\u00c1NTOS SON [CAST]"},"content":{"rendered":"<p>El partido de Santiago Abascal contin\u00faa promoviendo discursos xen\u00f3fobos que aumentan el punto de mira y la discriminaci\u00f3n sobre todas las personas reci\u00e9n llegadas. Es necesario hacer frente a su discurso a trav\u00e9s de estudios fundamentados y datos reales.<\/p>\n","protected":false},"excerpt":{"rendered":"<p>El partido de Santiago Abascal contin\u00faa promoviendo discursos xen\u00f3fobos que  [&#8230;]<\/p>\n","protected":false},"author":7,"featured_media":2029,"comment_status":"open","ping_status":"open","sticky":false,"template":"","format":"standard","meta":{"_acf_changed":false,"footnotes":""},"categories":[36],"tags":[],"class_list":["post-2028","post","type-post","status-publish","format-standard","has-post-thumbnail","hentry","category-noticia"],"acf":[],"_links":{"self":[{"href":"https:\/\/fundacioacsar.org\/es\/wp-json\/wp\/v2\/posts\/2028","targetHints":{"allow":["GET"]}}],"collection":[{"href":"https:\/\/fundacioacsar.org\/es\/wp-json\/wp\/v2\/posts"}],"about":[{"href":"https:\/\/fundacioacsar.org\/es\/wp-json\/wp\/v2\/types\/post"}],"author":[{"embeddable":true,"href":"https:\/\/fundacioacsar.org\/es\/wp-json\/wp\/v2\/users\/7"}],"replies":[{"embeddable":true,"href":"https:\/\/fundacioacsar.org\/es\/wp-json\/wp\/v2\/comments?post=2028"}],"version-history":[{"count":1,"href":"https:\/\/fundacioacsar.org\/es\/wp-json\/wp\/v2\/posts\/2028\/revisions"}],"predecessor-version":[{"id":2030,"href":"https:\/\/fundacioacsar.org\/es\/wp-json\/wp\/v2\/posts\/2028\/revisions\/2030"}],"wp:featuredmedia":[{"embeddable":true,"href":"https:\/\/fundacioacsar.org\/es\/wp-json\/wp\/v2\/media\/2029"}],"wp:attachment":[{"href":"https:\/\/fundacioacsar.org\/es\/wp-json\/wp\/v2\/media?parent=2028"}],"wp:term":[{"taxonomy":"category","embeddable":true,"href":"https:\/\/fundacioacsar.org\/es\/wp-json\/wp\/v2\/categories?post=2028"},{"taxonomy":"post_tag","embeddable":true,"href":"https:\/\/fundacioacsar.org\/es\/wp-json\/wp\/v2\/tags?post=2028"}],"curies":[{"name":"wp","href":"https:\/\/api.w.org\/{rel}","templated":true}]}}